{"id":1281,"date":"2020-08-01T10:50:33","date_gmt":"2020-08-01T08:50:33","guid":{"rendered":"http:\/\/www.pallamanoscuolavicenza.it\/documentiwp\/?p=1281"},"modified":"2020-08-01T11:03:56","modified_gmt":"2020-08-01T09:03:56","slug":"1281","status":"publish","type":"post","link":"https:\/\/www.pallamanoscuolavicenza.it\/documentiwp\/index.php\/2020\/08\/01\/1281\/","title":{"rendered":"Giancarlo Collese una vita nella pallamano dalle grandi emozioni"},"content":{"rendered":"<div class=\"vce-row-container\"><div class=\"vce-row vce-row--col-gap-30 vce-row-columns--top vce-row-content--top\" id=\"el-91b7737c\" data-vce-do-apply=\"all el-91b7737c\"><div class=\"vce-row-content\" data-vce-element-content=\"true\"><div class=\"vce-col vce-col--md-auto vce-col--xs-1 vce-col--xs-last vce-col--xs-first vce-col--sm-last vce-col--sm-first vce-col--md-last vce-col--lg-last vce-col--xl-last vce-col--md-first vce-col--lg-first vce-col--xl-first\" id=\"el-ee7b57ed\"><div class=\"vce-col-inner\" data-vce-do-apply=\"border margin background  el-ee7b57ed\"><div class=\"vce-col-content\" data-vce-element-content=\"true\" data-vce-do-apply=\"padding el-ee7b57ed\"><div class=\"vce-text-block\"><div class=\"vce-text-block-wrapper vce\" id=\"el-cb04ba7a\" data-vce-do-apply=\"all el-cb04ba7a\"><h1 class=\"entry-title penci-entry-title penci-title-\"><a href=\"https:\/\/www.sportvicentino.it\/2020\/05\/06\/giancarlo-collese-una-vita-nella-pallamano-dalle-grandi-emozioni\/\">Giancarlo Collese una vita nella pallamano dalle grandi emozioni<\/a><\/h1>\n<h6><img loading=\"lazy\" decoding=\"async\" class=\"aligncenter size-full wp-image-1282\" src=\"https:\/\/www.pallamanoscuolavicenza.it\/documentiwp\/wp-content\/uploads\/2020\/08\/PallamanoScuolaVicenza-sq_U17-2019_2020.jpg\" alt=\"\" width=\"800\" height=\"413\" srcset=\"https:\/\/www.pallamanoscuolavicenza.it\/documentiwp\/wp-content\/uploads\/2020\/08\/PallamanoScuolaVicenza-sq_U17-2019_2020.jpg 800w, https:\/\/www.pallamanoscuolavicenza.it\/documentiwp\/wp-content\/uploads\/2020\/08\/PallamanoScuolaVicenza-sq_U17-2019_2020-300x155.jpg 300w, https:\/\/www.pallamanoscuolavicenza.it\/documentiwp\/wp-content\/uploads\/2020\/08\/PallamanoScuolaVicenza-sq_U17-2019_2020-768x396.jpg 768w\" sizes=\"auto, (max-width: 800px) 100vw, 800px\" \/><\/h6>\n<h6>Dirigente ed allenatore della Pallamano Scuola Vicenza si prepara per la prossima stagione<\/h6>\n<p>A Vicenza anche la pallamano si sta riorganizzando in questo periodo difficile di lockdown per il Coronavirus. La societ\u00e0 Pallamano Scuola Vicenza, che per ora utilizza come palestra la tensostruttura di via Turra, in questi ultimi anni si \u00e8 sviluppata sempre di pi\u00f9 e bene e ha fatto rinascere il movimento in citt\u00e0, raggiungendo i 100 tesserati.<br>\nL\u2019attivit\u00e0 si concentra in campo giovanile con diverse squadre nel maschile: U13, U15, U17 e U18 mentre nel femminile con U15 e U18. In attesa della prossima stagione abbiamo intervistato Giancarlo Collese, detto \u201cGianchi\u201d, direttore sportivo di pallamano Scuola Vicenza e allenatore dell\u2019U17. Giancarlo \u00e8 una delle anime pi\u00f9 importanti per la rinascita del movimento dell\u2019 handball nel capoluogo, una delle figure \u201cstoriche\u201d della nuova societ\u00e0.<br>\n<b>\u2013 Innanzi tutto cosa l\u2019ha spinto a fare l\u2019allenatore e come ha conosciuto la pallamano?<br>\n<\/b>\u201cSono nato nella storica Pallamano Vicenza, avevo 13 anni, e grazie al mio primo allenatore, l\u2019indimenticabile Eliseo Bernardi, mi sono appassionato a questo sport. Dopo anni di lontananza mi sono rimesso in gioco e ho voluto entrare in questa societ\u00e0 per portare la mia esperienza al servizio delle nuove leve\u201d.<br>\n<b>\u2013 Perch\u00e9 ha scelto la pallamano?<br>\n<\/b>\u201cQuando ti viene insegnata la passione per uno sport, cos\u00ec come faceva Eliseo Bernardi, non puoi che continuare a farlo, perch\u00e9 ad insegnare le regole sono capaci tutti, ma farti appassionare a metterle in pratica ci riescono pochi\u201d.<br>\n<b>\u2013 Il ricordo pi\u00f9 bello?<br>\n<\/b>\u201cIl mio esordio in prima squadra: avevo 14 anni, giocavamo su un campo di asfalto in Trentino. Entrai per sostituire un titolare: ero un \u201cbocia\u201d e ricordo ancora le parole del mister: \u201cFai girare la palla, non prendere iniziative! Vista la posta in palio, la promozione.\u201d Feci gol e, a fine partita, ci fu grande festa nello spogliatoio. L\u2019altro ricordo che non dimenticher\u00f2 mai \u00e8 stata l\u2019unica partita giocata, in cui mio padre venne a vedermi, visto che per la sua carriera politica, non riusciva mai a farlo. Ero emozionatissimo e, nonostante ci\u00f2, giocai una bellissima gara. Alla fine il suo abbraccio e i suoi complimenti mi fecero piangere dalla felicit\u00e0\u201d.<br>\n<b>\u2013 Il lato positivo dell\u2019essere un allenatore?<br>\n<\/b>\u201cMolti sono i lati positivi nel fare l\u2019allenatore. Io do tutto me stesso per la squadra, dentro e fuori dalla palestra, mi faccio in quattro per i miei ragazzi: devi essere un punto di riferimento per loro! Non sar\u00f2 il migliore allenatore, ma riesco a trasmettere alla squadra la mia passione. Basta guardare i numeri di questa stagione dove, grazie a me, sono tornati a ragazzi che avevano abbandonato. Se un allenatore considera tutti i suoi giocatori alla pari i risultati positivi arrivano sempre\u201d.<br>\n<b>\u2013 Invece il lato negativo?<br>\n<\/b>\u201cPer me il lato negativo del mio ruolo \u00e8 il non poter far giocare sempre tutti. In alcune situazioni, quando ti giochi la vittoria punto su punto, sei costretto a fare delle scelte e cos\u00ec noti la delusione negli sguardi di chi non \u00e8 sceso in campo\u201d.<br>\n<b>\u2013 Qual \u00e8 la pi\u00f9 grande soddisfazione ricevuta dalla squadra?<br>\n<\/b>\u201cLa pi\u00f9 grande soddisfazione \u00e8 stata la partita di ritorno contro il Camisano: abbiamo giocato senza mai sbagliare, sono riuscito ad azzeccare tutti i cambi e abbiamo vinto! L\u2019esultanza a fine gara dei ragazzi \u00e8 stata da brividi. Ricorder\u00f2 per sempre il lungo abbraccio in lacrime con Antonio Abruscio. Vedere i genitori e gli atleti di altre categorie venire a tifare per noi \u00e8 stato emozionante, mi ha fatto capire che stiamo percorrendo la strada giusta per fare diventare grande la nostra Pallamano Vicenza\u201d.<br>\n<b>\u2013 Il rapporto con&nbsp; i giocatori?<br>\n<\/b>\u201cMeraviglioso! Difficile per un allenatore trovare dei ragazzi come i nostri. La stagione stava andando alla grande, poi purtroppo per colpa di questo maledetto Covid-19, \u00e8 stata interrotta sul pi\u00f9 bello. E anche se non ci possiamo incontrare, Ci sentiamo quasi ogni giorno! Sono convinto che i ragazzi avranno grandissime soddisfazioni nella vita, non solo nello sport\u201d.<\/p>\n<\/div><\/div><\/div><\/div><\/div><\/div><\/div><\/div>\n","protected":false},"excerpt":{"rendered":"<p>Giancarlo Collese una vita nella pallamano dalle grandi emozioni Dirigente ed allenatore della Pallamano Scuola Vicenza si prepara per la prossima stagione A Vicenza anche la pallamano si sta riorganizzando in questo periodo difficile di lockdown per il Coronavirus. La societ\u00e0 Pallamano Scuola Vicenza, che per ora utilizza come palestra la tensostruttura di via Turra, [&hellip;]<\/p>\n","protected":false},"author":1,"featured_media":1282,"comment_status":"open","ping_status":"open","sticky":false,"template":"elementor_canvas","format":"standard","meta":{"_jetpack_memberships_contains_paid_content":false,"footnotes":""},"categories":[9],"tags":[],"class_list":["post-1281","post","type-post","status-publish","format-standard","has-post-thumbnail","hentry","category-stampa"],"views":599,"jetpack_featured_media_url":"https:\/\/www.pallamanoscuolavicenza.it\/documentiwp\/wp-content\/uploads\/2020\/08\/PallamanoScuolaVicenza-sq_U17-2019_2020.jpg","jetpack_sharing_enabled":true,"_links":{"self":[{"href":"https:\/\/www.pallamanoscuolavicenza.it\/documentiwp\/index.php\/wp-json\/wp\/v2\/posts\/1281","targetHints":{"allow":["GET"]}}],"collection":[{"href":"https:\/\/www.pallamanoscuolavicenza.it\/documentiwp\/index.php\/wp-json\/wp\/v2\/posts"}],"about":[{"href":"https:\/\/www.pallamanoscuolavicenza.it\/documentiwp\/index.php\/wp-json\/wp\/v2\/types\/post"}],"author":[{"embeddable":true,"href":"https:\/\/www.pallamanoscuolavicenza.it\/documentiwp\/index.php\/wp-json\/wp\/v2\/users\/1"}],"replies":[{"embeddable":true,"href":"https:\/\/www.pallamanoscuolavicenza.it\/documentiwp\/index.php\/wp-json\/wp\/v2\/comments?post=1281"}],"version-history":[{"count":4,"href":"https:\/\/www.pallamanoscuolavicenza.it\/documentiwp\/index.php\/wp-json\/wp\/v2\/posts\/1281\/revisions"}],"predecessor-version":[{"id":1290,"href":"https:\/\/www.pallamanoscuolavicenza.it\/documentiwp\/index.php\/wp-json\/wp\/v2\/posts\/1281\/revisions\/1290"}],"wp:featuredmedia":[{"embeddable":true,"href":"https:\/\/www.pallamanoscuolavicenza.it\/documentiwp\/index.php\/wp-json\/wp\/v2\/media\/1282"}],"wp:attachment":[{"href":"https:\/\/www.pallamanoscuolavicenza.it\/documentiwp\/index.php\/wp-json\/wp\/v2\/media?parent=1281"}],"wp:term":[{"taxonomy":"category","embeddable":true,"href":"https:\/\/www.pallamanoscuolavicenza.it\/documentiwp\/index.php\/wp-json\/wp\/v2\/categories?post=1281"},{"taxonomy":"post_tag","embeddable":true,"href":"https:\/\/www.pallamanoscuolavicenza.it\/documentiwp\/index.php\/wp-json\/wp\/v2\/tags?post=1281"}],"curies":[{"name":"wp","href":"https:\/\/api.w.org\/{rel}","templated":true}]}}